{"id":1346,"date":"2016-05-23T20:30:53","date_gmt":"2016-05-23T20:30:53","guid":{"rendered":"http:\/\/cgbengenharia.com.br\/?p=1346"},"modified":"2016-05-23T20:40:55","modified_gmt":"2016-05-23T20:40:55","slug":"maio-amarelo-no-contrato-petrobras","status":"publish","type":"post","link":"https:\/\/www.cgbengenharia.com.br\/index.php\/maio-amarelo-no-contrato-petrobras\/","title":{"rendered":"Maio Amarelo no contrato PETROBRAS"},"content":{"rendered":"<p><img loading=\"lazy\" class=\"size-medium wp-image-1349 alignleft\" src=\"http:\/\/cgbengenharia.com.br\/wp-content\/uploads\/2016\/05\/Maio-Amarelo-equipe-Petrobras-300x174.jpg\" alt=\"Maio Amarelo equipe Petrobras\" width=\"300\" height=\"174\" srcset=\"https:\/\/www.cgbengenharia.com.br\/wp-content\/uploads\/2016\/05\/Maio-Amarelo-equipe-Petrobras-300x174.jpg 300w, https:\/\/www.cgbengenharia.com.br\/wp-content\/uploads\/2016\/05\/Maio-Amarelo-equipe-Petrobras-768x445.jpg 768w, https:\/\/www.cgbengenharia.com.br\/wp-content\/uploads\/2016\/05\/Maio-Amarelo-equipe-Petrobras-1024x594.jpg 1024w, https:\/\/www.cgbengenharia.com.br\/wp-content\/uploads\/2016\/05\/Maio-Amarelo-equipe-Petrobras.jpg 1197w\" sizes=\"(max-width: 300px) 100vw, 300px\" \/><\/p>\n<p>O contrato PETROBRAS fez v\u00e1rias a\u00e7\u00f5es apoiando a Campanha Maio Amarelo:<\/p>\n<p>&#8211; DDS com as equipes;<\/p>\n<p>&#8211; Inspe\u00e7\u00f5es veiculares com participa\u00e7\u00e3o da fiscaliza\u00e7\u00e3o e TST;<\/p>\n<p>&#8211; Distribui\u00e7\u00e3o de fitinhas amarelas;<\/p>\n<p>&#8211; Publica\u00e7\u00f5es de informativos;<\/p>\n<p>&#8211; Atualiza\u00e7\u00e3o de cursos de dire\u00e7\u00e3o defensiva;<\/p>\n<p>Parab\u00e9ns a todos os envolvidos.<\/p>\n<p>Foto: Luc\u00ed Tavares dos Santos<\/p>\n","protected":false},"excerpt":{"rendered":"<p>O contrato PETROBRAS fez v\u00e1rias a\u00e7\u00f5es apoiando a Campanha Maio Amarelo: &#8211; DDS com as equipes; &#8211; Inspe\u00e7\u00f5es veiculares com participa\u00e7\u00e3o da fiscaliza\u00e7\u00e3o e TST; &#8211; Distribui\u00e7\u00e3o de fitinhas amarelas; &#8211; Publica\u00e7\u00f5es de informativos; &#8211; Atualiza\u00e7\u00e3o de cursos de dire\u00e7\u00e3o defensiva; Parab\u00e9ns a todos os envolvidos. Foto: Luc\u00ed Tavares dos Santos<\/p>\n","protected":false},"author":4,"featured_media":1349,"comment_status":"closed","ping_status":"closed","sticky":false,"template":"","format":"standard","meta":[],"categories":[61],"tags":[62],"_links":{"self":[{"href":"https:\/\/www.cgbengenharia.com.br\/index.php\/wp-json\/wp\/v2\/posts\/1346"}],"collection":[{"href":"https:\/\/www.cgbengenharia.com.br\/index.php\/wp-json\/wp\/v2\/posts"}],"about":[{"href":"https:\/\/www.cgbengenharia.com.br\/index.php\/wp-json\/wp\/v2\/types\/post"}],"author":[{"embeddable":true,"href":"https:\/\/www.cgbengenharia.com.br\/index.php\/wp-json\/wp\/v2\/users\/4"}],"replies":[{"embeddable":true,"href":"https:\/\/www.cgbengenharia.com.br\/index.php\/wp-json\/wp\/v2\/comments?post=1346"}],"version-history":[{"count":3,"href":"https:\/\/www.cgbengenharia.com.br\/index.php\/wp-json\/wp\/v2\/posts\/1346\/revisions"}],"predecessor-version":[{"id":1357,"href":"https:\/\/www.cgbengenharia.com.br\/index.php\/wp-json\/wp\/v2\/posts\/1346\/revisions\/1357"}],"wp:featuredmedia":[{"embeddable":true,"href":"https:\/\/www.cgbengenharia.com.br\/index.php\/wp-json\/wp\/v2\/media\/1349"}],"wp:attachment":[{"href":"https:\/\/www.cgbengenharia.com.br\/index.php\/wp-json\/wp\/v2\/media?parent=1346"}],"wp:term":[{"taxonomy":"category","embeddable":true,"href":"https:\/\/www.cgbengenharia.com.br\/index.php\/wp-json\/wp\/v2\/categories?post=1346"},{"taxonomy":"post_tag","embeddable":true,"href":"https:\/\/www.cgbengenharia.com.br\/index.php\/wp-json\/wp\/v2\/tags?post=1346"}],"curies":[{"name":"wp","href":"https:\/\/api.w.org\/{rel}","templated":true}]}}