{"id":1612,"date":"2016-09-26T13:41:02","date_gmt":"2016-09-26T13:41:02","guid":{"rendered":"http:\/\/cgbengenharia.com.br\/?p=1612"},"modified":"2016-09-26T13:45:31","modified_gmt":"2016-09-26T13:45:31","slug":"cgb-energia-realiza-campanha-educativa-em-alter-do-chao-pa","status":"publish","type":"post","link":"https:\/\/www.cgbengenharia.com.br\/index.php\/cgb-energia-realiza-campanha-educativa-em-alter-do-chao-pa\/","title":{"rendered":"CGB Energia realiza campanha educativa em Alter do Ch\u00e3o (PA)"},"content":{"rendered":"<p><img loading=\"lazy\" class=\"size-medium wp-image-1617 alignleft\" src=\"http:\/\/cgbengenharia.com.br\/wp-content\/uploads\/2016\/09\/CGB-NO-SAIR\u00c9-2016-300x169.jpg\" alt=\"cgb-no-saire-2016\" width=\"300\" height=\"169\" srcset=\"https:\/\/www.cgbengenharia.com.br\/wp-content\/uploads\/2016\/09\/CGB-NO-SAIR\u00c9-2016-300x169.jpg 300w, https:\/\/www.cgbengenharia.com.br\/wp-content\/uploads\/2016\/09\/CGB-NO-SAIR\u00c9-2016-768x432.jpg 768w, https:\/\/www.cgbengenharia.com.br\/wp-content\/uploads\/2016\/09\/CGB-NO-SAIR\u00c9-2016.jpg 800w\" sizes=\"(max-width: 300px) 100vw, 300px\" \/>Em setembro, acontece na Vila de Alter do Ch\u00e3o (Santar\u00e9m) uma festa religiosa x profana denominada SAIR\u00c9, na qual todos os anos\u00a0 a Vila Balne\u00e1ria recebe turistas e a pr\u00f3pria popula\u00e7\u00e3o local para prestigiar o evento.<\/p>\n<p>O SESMT juntamente com o ATENDIMENTO CGB Santar\u00e9m, realizou no dia 17\/09\/16 uma a\u00e7\u00e3o em Alter do Ch\u00e3o onde deram dicas para evitar acidentes com energia, orienta\u00e7\u00f5es na preven\u00e7\u00e3o\u00a0 das DST\u2019s com distribui\u00e7\u00e3o de informativos e preservativos\u00a0 e\u00a0 informa\u00e7\u00f5es sobre o novo aplicativo APP CELPA (V\u00e1rios servi\u00e7os na palma da sua m\u00e3o).<\/p>\n<p>Nesta a\u00e7\u00e3o participaram 165 pessoas entre colaboradores (25) e popula\u00e7\u00e3o (140).<\/p>\n<p>Fotos: Joseana Daltro\/Dionecir Penaforte\/K\u00e1tya Neves.<\/p>\n<p><em><strong>SOBRE O SAIR\u00c9<\/strong><\/em><\/p>\n<p>&#8220;A Festa do <strong>Sair\u00e9<\/strong>\u00a0ou <strong>\u00c7air\u00e9<\/strong> \u00e9 a mais antiga manifesta\u00e7\u00e3o da cultura popular da Amaz\u00f4nia. A festa acontece h\u00e1 mais de 300 anos, mantendo intacto o seu simbolismo e ess\u00eancia. Sua origem remonta \u00e0s miss\u00f5es evangelizadoras dos padres Jesu\u00edtas com os \u00edndios da Amaz\u00f4nia.<\/p>\n<p>O s\u00edmbolo do <strong>Sair\u00e9<\/strong> \u00e9 um semic\u00edrculo, de cip\u00f3 torcido, envolvido por algod\u00e3o, flores e fitas coloridas. No centro do semic\u00edrculo est\u00e3o tr\u00eas cruzes e no topo dele uma outra, que juntas representam o mist\u00e9rio da Sant\u00edssima Trindade e no topo um s\u00f3 Deus. A imagem da pomba, que representa o Esp\u00edrito Santo, tamb\u00e9m faz parte do adorno.<\/p>\n<p>At\u00e9 meados do s\u00e9culo passado, o <strong>Sair\u00e9<\/strong> tinha significado puramente religioso. Hoje, a comemora\u00e7\u00e3o une o sagrado e o profano.&#8221;<\/p>\n<p><a href=\"http:\/\/alterdochao.tur.br\/saire\">http:\/\/alterdochao.tur.br\/saire<\/a><\/p>\n<p>&nbsp;<\/p>\n<p>&nbsp;<\/p>\n","protected":false},"excerpt":{"rendered":"<p>Em setembro, acontece na Vila de Alter do Ch\u00e3o (Santar\u00e9m) uma festa religiosa x profana denominada SAIR\u00c9, na qual todos os anos\u00a0 a Vila Balne\u00e1ria recebe turistas e a pr\u00f3pria popula\u00e7\u00e3o local para prestigiar o evento. O SESMT juntamente com o ATENDIMENTO CGB Santar\u00e9m, realizou no dia 17\/09\/16 uma a\u00e7\u00e3o em Alter do Ch\u00e3o onde&hellip;<\/p>\n","protected":false},"author":4,"featured_media":1617,"comment_status":"closed","ping_status":"closed","sticky":false,"template":"","format":"standard","meta":[],"categories":[61],"tags":[],"_links":{"self":[{"href":"https:\/\/www.cgbengenharia.com.br\/index.php\/wp-json\/wp\/v2\/posts\/1612"}],"collection":[{"href":"https:\/\/www.cgbengenharia.com.br\/index.php\/wp-json\/wp\/v2\/posts"}],"about":[{"href":"https:\/\/www.cgbengenharia.com.br\/index.php\/wp-json\/wp\/v2\/types\/post"}],"author":[{"embeddable":true,"href":"https:\/\/www.cgbengenharia.com.br\/index.php\/wp-json\/wp\/v2\/users\/4"}],"replies":[{"embeddable":true,"href":"https:\/\/www.cgbengenharia.com.br\/index.php\/wp-json\/wp\/v2\/comments?post=1612"}],"version-history":[{"count":4,"href":"https:\/\/www.cgbengenharia.com.br\/index.php\/wp-json\/wp\/v2\/posts\/1612\/revisions"}],"predecessor-version":[{"id":1619,"href":"https:\/\/www.cgbengenharia.com.br\/index.php\/wp-json\/wp\/v2\/posts\/1612\/revisions\/1619"}],"wp:featuredmedia":[{"embeddable":true,"href":"https:\/\/www.cgbengenharia.com.br\/index.php\/wp-json\/wp\/v2\/media\/1617"}],"wp:attachment":[{"href":"https:\/\/www.cgbengenharia.com.br\/index.php\/wp-json\/wp\/v2\/media?parent=1612"}],"wp:term":[{"taxonomy":"category","embeddable":true,"href":"https:\/\/www.cgbengenharia.com.br\/index.php\/wp-json\/wp\/v2\/categories?post=1612"},{"taxonomy":"post_tag","embeddable":true,"href":"https:\/\/www.cgbengenharia.com.br\/index.php\/wp-json\/wp\/v2\/tags?post=1612"}],"curies":[{"name":"wp","href":"https:\/\/api.w.org\/{rel}","templated":true}]}}