{"id":1688,"date":"2016-10-23T18:29:04","date_gmt":"2016-10-23T18:29:04","guid":{"rendered":"http:\/\/cgbengenharia.com.br\/?p=1688"},"modified":"2016-10-23T18:29:04","modified_gmt":"2016-10-23T18:29:04","slug":"comemoracao-dia-do-eletricista-santarempa","status":"publish","type":"post","link":"https:\/\/www.cgbengenharia.com.br\/index.php\/comemoracao-dia-do-eletricista-santarempa\/","title":{"rendered":"Comemora\u00e7\u00e3o Dia do Eletricista &#8211; Santar\u00e9m\/PA"},"content":{"rendered":"<p><img loading=\"lazy\" class=\"size-medium wp-image-1676 alignleft\" src=\"http:\/\/cgbengenharia.com.br\/wp-content\/uploads\/2016\/10\/DIA-DO-ELETRICISTA-CGB-ENERGIA-SANTAR\u00c9M-300x169.jpg\" alt=\"dia-do-eletricista-cgb-energia-santarem\" width=\"300\" height=\"169\" srcset=\"https:\/\/www.cgbengenharia.com.br\/wp-content\/uploads\/2016\/10\/DIA-DO-ELETRICISTA-CGB-ENERGIA-SANTAR\u00c9M-300x169.jpg 300w, https:\/\/www.cgbengenharia.com.br\/wp-content\/uploads\/2016\/10\/DIA-DO-ELETRICISTA-CGB-ENERGIA-SANTAR\u00c9M-768x432.jpg 768w, https:\/\/www.cgbengenharia.com.br\/wp-content\/uploads\/2016\/10\/DIA-DO-ELETRICISTA-CGB-ENERGIA-SANTAR\u00c9M.jpg 800w\" sizes=\"(max-width: 300px) 100vw, 300px\" \/>Muito bom prestigiar e comemorar o dia de quem faz com qualidade um servi\u00e7o bem feito. Os eletricistas de Santar\u00e9m &#8211; CGB CELPA, foram homenageados pela passagem do seu dia, 17\/10, evento organizado pelo SESMT e a ger\u00eancia de Inspe\u00e7\u00e3o.<\/p>\n<p>Parabenizamos esses brilhantes profissionais e agradecemos a participa\u00e7\u00e3o e apoio de todos!!!<\/p>\n<p>Fotos: Joseana Daltro e Dionecir Penaforte.<\/p>\n","protected":false},"excerpt":{"rendered":"<p>Muito bom prestigiar e comemorar o dia de quem faz com qualidade um servi\u00e7o bem feito. Os eletricistas de Santar\u00e9m &#8211; CGB CELPA, foram homenageados pela passagem do seu dia, 17\/10, evento organizado pelo SESMT e a ger\u00eancia de Inspe\u00e7\u00e3o. Parabenizamos esses brilhantes profissionais e agradecemos a participa\u00e7\u00e3o e apoio de todos!!! Fotos: Joseana Daltro&hellip;<\/p>\n","protected":false},"author":4,"featured_media":1676,"comment_status":"closed","ping_status":"closed","sticky":false,"template":"","format":"standard","meta":[],"categories":[61],"tags":[62],"_links":{"self":[{"href":"https:\/\/www.cgbengenharia.com.br\/index.php\/wp-json\/wp\/v2\/posts\/1688"}],"collection":[{"href":"https:\/\/www.cgbengenharia.com.br\/index.php\/wp-json\/wp\/v2\/posts"}],"about":[{"href":"https:\/\/www.cgbengenharia.com.br\/index.php\/wp-json\/wp\/v2\/types\/post"}],"author":[{"embeddable":true,"href":"https:\/\/www.cgbengenharia.com.br\/index.php\/wp-json\/wp\/v2\/users\/4"}],"replies":[{"embeddable":true,"href":"https:\/\/www.cgbengenharia.com.br\/index.php\/wp-json\/wp\/v2\/comments?post=1688"}],"version-history":[{"count":1,"href":"https:\/\/www.cgbengenharia.com.br\/index.php\/wp-json\/wp\/v2\/posts\/1688\/revisions"}],"predecessor-version":[{"id":1691,"href":"https:\/\/www.cgbengenharia.com.br\/index.php\/wp-json\/wp\/v2\/posts\/1688\/revisions\/1691"}],"wp:featuredmedia":[{"embeddable":true,"href":"https:\/\/www.cgbengenharia.com.br\/index.php\/wp-json\/wp\/v2\/media\/1676"}],"wp:attachment":[{"href":"https:\/\/www.cgbengenharia.com.br\/index.php\/wp-json\/wp\/v2\/media?parent=1688"}],"wp:term":[{"taxonomy":"category","embeddable":true,"href":"https:\/\/www.cgbengenharia.com.br\/index.php\/wp-json\/wp\/v2\/categories?post=1688"},{"taxonomy":"post_tag","embeddable":true,"href":"https:\/\/www.cgbengenharia.com.br\/index.php\/wp-json\/wp\/v2\/tags?post=1688"}],"curies":[{"name":"wp","href":"https:\/\/api.w.org\/{rel}","templated":true}]}}